{"id":15,"count":1,"description":"Le cycle 3 concerne les deux derni\u00e8res ann\u00e9es d'enseignement \u00e9l\u00e9mentaire et la premi\u00e8re ann\u00e9e d'enseignement au coll\u00e8ge\r\n","link":"https:\/\/lesfablesdechycpolhit.maxopieces.com\/index.php\/category\/fiches-pedagogiques\/cycle3\/","name":"Cycle 3","slug":"cycle3","taxonomy":"category","parent":3,"meta":[],"_links":{"self":[{"href":"https:\/\/lesfablesdechycpolhit.maxopieces.com\/index.php\/wp-json\/wp\/v2\/categories\/15"}],"collection":[{"href":"https:\/\/lesfablesdechycpolhit.maxopieces.com\/index.php\/wp-json\/wp\/v2\/categories"}],"about":[{"href":"https:\/\/lesfablesdechycpolhit.maxopieces.com\/index.php\/wp-json\/wp\/v2\/taxonomies\/category"}],"up":[{"embeddable":true,"href":"https:\/\/lesfablesdechycpolhit.maxopieces.com\/index.php\/wp-json\/wp\/v2\/categories\/3"}],"wp:post_type":[{"href":"https:\/\/lesfablesdechycpolhit.maxopieces.com\/index.php\/wp-json\/wp\/v2\/posts?categories=15"}],"curies":[{"name":"wp","href":"https:\/\/api.w.org\/{rel}","templated":true}]}}