{"id":1464,"date":"2020-12-01T23:04:03","date_gmt":"2020-12-01T22:04:03","guid":{"rendered":"http:\/\/lesfablesdechycpolhit.maxopieces.com\/?p=1464"},"modified":"2020-12-06T22:58:04","modified_gmt":"2020-12-06T21:58:04","slug":"jour-2-pourquoi-les-margouillats-ont-ils-la-tete-rouge","status":"publish","type":"post","link":"https:\/\/lesfablesdechycpolhit.maxopieces.com\/index.php\/2020\/12\/01\/jour-2-pourquoi-les-margouillats-ont-ils-la-tete-rouge\/","title":{"rendered":"Jour 2 Pourquoi les margouillats ont-ils la t\u00eate rouge ?"},"content":{"rendered":"\n[et_pb_section fb_built=\u00a0\u00bb1&Prime; admin_label=\u00a0\u00bbText and Image\u00a0\u00bb _builder_version=\u00a0\u00bb3.22&Prime; background_color=\u00a0\u00bb#f7f7f7&Prime; custom_padding=\u00a0\u00bb110px|0px|0px|0px||\u00a0\u00bb][et_pb_row _builder_version=\u00a0\u00bb4.7.4&Prime; _module_preset=\u00a0\u00bbdefault\u00a0\u00bb custom_margin=\u00a0\u00bb-107px|auto||auto||\u00a0\u00bb][et_pb_column type=\u00a0\u00bb4_4&Prime; _builder_version=\u00a0\u00bb4.7.4&Prime; _module_preset=\u00a0\u00bbdefault\u00a0\u00bb][et_pb_text _builder_version=\u00a0\u00bb4.7.4&Prime; _module_preset=\u00a0\u00bbdefault\u00a0\u00bb]<h3>Autrefois les margouillats \u00e9taient tout bleus. Lors d\u2019une terrible bagarre \u00e0 propos d\u2019une vulgaire carcasse de mouche, il arriva un drame qui les transforma \u00e0 tout jamais.<\/h3>[\/et_pb_text][et_pb_video src=\u00a0\u00bbhttps:\/\/youtu.be\/TgMQQW1OfN0&Prime; _builder_version=\u00a0\u00bb4.7.4&Prime; _module_preset=\u00a0\u00bbdefault\u00a0\u00bb][\/et_pb_video][\/et_pb_column][\/et_pb_row][\/et_pb_section][et_pb_section fb_built=\u00a0\u00bb1&Prime; admin_label=\u00a0\u00bbFullwidth Image\u00a0\u00bb _builder_version=\u00a0\u00bb3.22&Prime; custom_padding=\u00a0\u00bb0px|0px|110px|0px||\u00a0\u00bb][et_pb_row _builder_version=\u00a0\u00bb3.25&Prime; background_size=\u00a0\u00bbinitial\u00a0\u00bb background_position=\u00a0\u00bbtop_left\u00a0\u00bb background_repeat=\u00a0\u00bbrepeat\u00a0\u00bb custom_padding=\u00a0\u00bb27px|||||\u00a0\u00bb][et_pb_column type=\u00a0\u00bb4_4&Prime; _builder_version=\u00a0\u00bb3.25&Prime; custom_padding=\u00a0\u00bb|||\u00a0\u00bb custom_padding__hover=\u00a0\u00bb|||\u00a0\u00bb][et_pb_image src=\u00a0\u00bbhttp:\/\/lesfablesdechycpolhit.maxopieces.com\/wp-content\/uploads\/2020\/11\/Calendrier-de-lAvant_Brico_2-scaled.jpg\u00a0\u00bb title_text=\u00a0\u00bbCalendrier de l&rsquo;Avant &#8211; LAI\u0308QUE version\u00a0\u00bb show_in_lightbox=\u00a0\u00bbon\u00a0\u00bb align_tablet=\u00a0\u00bbcenter\u00a0\u00bb align_phone=\u00a0\u00bb\u00a0\u00bb align_last_edited=\u00a0\u00bbon|desktop\u00a0\u00bb _builder_version=\u00a0\u00bb4.7.4&Prime; animation_style=\u00a0\u00bbslide\u00a0\u00bb animation_direction=\u00a0\u00bbbottom\u00a0\u00bb animation_intensity_slide=\u00a0\u00bb2%\u00a0\u00bb][\/et_pb_image][et_pb_signup title=\u00a0\u00bbPour recevoir tous les coloriages au format PDF\u00a0\u00bb description=\u00a0\u00bb<p>Chaque jour des jeux et des coloriages jusqu&rsquo;au 25 d\u00e9cembre. Nous vous proposons de t\u00e9l\u00e9charger l&rsquo;ensemble gratuitement ici en version PDF.<\/p>\u00a0\u00bb _builder_version=\u00a0\u00bb4.7.4&Prime; _module_preset=\u00a0\u00bbdefault\u00a0\u00bb provider=\u00a0\u00bbsendinblue\u00a0\u00bb sendinblue_list=\u00a0\u00bbchycpolhit@lesparaboleurscom|11&Prime; background_color=\u00a0\u00bb#c5310d\u00a0\u00bb hover_enabled=\u00a0\u00bb0&Prime; sticky_enabled=\u00a0\u00bb0&Prime; button_text=\u00a0\u00bbT\u00e9l\u00e9charger\u00a0\u00bb global_module=\u00a0\u00bb1496&Prime; saved_tabs=\u00a0\u00bball\u00a0\u00bb link_option_url_new_window=\u00a0\u00bbon\u00a0\u00bb success_message=\u00a0\u00bbentrer dans le navigateur: http:\/\/bricolages.lesparaboleurs.com\u00a0\u00bb][\/et_pb_signup][\/et_pb_column][\/et_pb_row][\/et_pb_section]\n<span class=\"et_bloom_bottom_trigger\"><\/span>","protected":false},"excerpt":{"rendered":"<p>Autrefois les margouillats \u00e9taient tout bleus. Lors d\u2019une terrible bagarre \u00e0 propos d\u2019une vulgaire carcasse de mouche, il arrivera un drame qui les transformera \u00e0 tout jamais.<\/p>\n","protected":false},"author":1,"featured_media":1364,"comment_status":"open","ping_status":"open","sticky":false,"template":"","format":"standard","meta":{"_et_pb_use_builder":"on","_et_pb_old_content":"","_et_gb_content_width":"","footnotes":""},"categories":[16,17,1],"tags":[],"class_list":["post-1464","post","type-post","status-publish","format-standard","has-post-thumbnail","hentry","category-activites-du-jour","category-bricolages","category-non-classe"],"_links":{"self":[{"href":"https:\/\/lesfablesdechycpolhit.maxopieces.com\/index.php\/wp-json\/wp\/v2\/posts\/1464"}],"collection":[{"href":"https:\/\/lesfablesdechycpolhit.maxopieces.com\/index.php\/wp-json\/wp\/v2\/posts"}],"about":[{"href":"https:\/\/lesfablesdechycpolhit.maxopieces.com\/index.php\/wp-json\/wp\/v2\/types\/post"}],"author":[{"embeddable":true,"href":"https:\/\/lesfablesdechycpolhit.maxopieces.com\/index.php\/wp-json\/wp\/v2\/users\/1"}],"replies":[{"embeddable":true,"href":"https:\/\/lesfablesdechycpolhit.maxopieces.com\/index.php\/wp-json\/wp\/v2\/comments?post=1464"}],"version-history":[{"count":13,"href":"https:\/\/lesfablesdechycpolhit.maxopieces.com\/index.php\/wp-json\/wp\/v2\/posts\/1464\/revisions"}],"predecessor-version":[{"id":1615,"href":"https:\/\/lesfablesdechycpolhit.maxopieces.com\/index.php\/wp-json\/wp\/v2\/posts\/1464\/revisions\/1615"}],"wp:featuredmedia":[{"embeddable":true,"href":"https:\/\/lesfablesdechycpolhit.maxopieces.com\/index.php\/wp-json\/wp\/v2\/media\/1364"}],"wp:attachment":[{"href":"https:\/\/lesfablesdechycpolhit.maxopieces.com\/index.php\/wp-json\/wp\/v2\/media?parent=1464"}],"wp:term":[{"taxonomy":"category","embeddable":true,"href":"https:\/\/lesfablesdechycpolhit.maxopieces.com\/index.php\/wp-json\/wp\/v2\/categories?post=1464"},{"taxonomy":"post_tag","embeddable":true,"href":"https:\/\/lesfablesdechycpolhit.maxopieces.com\/index.php\/wp-json\/wp\/v2\/tags?post=1464"}],"curies":[{"name":"wp","href":"https:\/\/api.w.org\/{rel}","templated":true}]}}